{"id":1,"date":"2015-01-25T19:22:26","date_gmt":"2015-01-25T19:22:26","guid":{"rendered":"http:\/\/www.sudiapak.com.tr\/sudiapak\/?p=1"},"modified":"2018-05-05T13:30:55","modified_gmt":"2018-05-05T11:30:55","slug":"sudi-apak-kimdir","status":"publish","type":"post","link":"http:\/\/www.sudiapak.com.tr\/?p=1","title":{"rendered":"Sudi Apak Kimdir?"},"content":{"rendered":"<p>1956 y\u0131l\u0131nda Babaeski&#8217;de do\u011fdu. \u0130lk ve orta \u00f6\u011frenimini burada yapt\u0131ktan sonra Kabata\u015f Lisesini (1973), Bo\u011fazi\u00e7i \u00dcniversitesi End\u00fcstri M\u00fchendisli\u011fi (1979), Concordia \u00dcniversitesi Montreal Ekonomi Y\u00fcksek Lisans\u0131n\u0131 (1983) ve Bo\u011fazi\u00e7i \u00dcniversitesi Ekonomi Doktoras\u0131n\u0131 (1989) tamamlad\u0131.<\/p>\n<p>&nbsp;<\/p>\n<p>26.10.1993&#8217;te Uluslararas\u0131 iktisat ve \u0130ktisadi Geli\u015fme dal\u0131nda &#8220;Do\u00e7ent&#8221;, 24.02.1999&#8217;da Trakya \u00dcniversitesi Muhasebe ve Finansman dal\u0131nda &#8220;Profes\u00f6r&#8221; oldu.<\/p>\n<p>&nbsp;<\/p>\n<p>Sabanc\u0131 Holding&#8217;te \u00e7al\u0131\u015ft\u0131ktan sonra Emlak Bankas\u0131, T\u00fct\u00fcnbank, EGS Bank ve Etibank&#8217;ta Genel M\u00fcd\u00fcr Yard\u0131mc\u0131s\u0131 ve Y\u00f6netim Kurulu \u00dcyesi olarak \u00e7al\u0131\u015ft\u0131. (1983-1999)<\/p>\n<p>&nbsp;<\/p>\n<p>Yurtd\u0131\u015f\u0131nda T\u00fcrkiye-Kazakistan International Bank, Paris&#8217;te Banque du Bosphore, Berlin&#8217;de Express Trade Bank, Malta&#8217;da EGS Bank&#8217;\u0131 kurarak, buralarda Y\u00f6netim Kurulu Ba\u015fkanl\u0131\u011f\u0131 ve Y\u00f6netim Kurulu \u00dcyeli\u011fi yapt\u0131.<\/p>\n<p>&nbsp;<\/p>\n<p>D\u00fcnya Kalk\u0131nma Bankalar Birli\u011fi (WFDFI) ve \u0130slam Kalk\u0131nma Bankalar\u0131 Birli\u011fi (ADFIMI) Ba\u015fkanl\u0131\u011f\u0131&#8217;na se\u00e7imle gelen ilk T\u00fcrk Ba\u015fkan olarak g\u00f6rev yapt\u0131. (1999-2001)<\/p>\n<p>&nbsp;<\/p>\n<p>Prof. Dr. Sudi APAK&#8217;\u0131n yay\u0131nlanm\u0131\u015f kitaplar\u0131n\u0131n yan\u0131 s\u0131ra \u00e7ok say\u0131da ulusal ve uluslararas\u0131 makale, bildiri ve ara\u015ft\u0131rma projesini tamamlam\u0131\u015ft\u0131r.<\/p>\n<p>&nbsp;<\/p>\n<p>Trakya \u00dcniversitesi Rekt\u00f6r Yard\u0131mc\u0131l\u0131\u011f\u0131 (1999-2000) ve \u0130ktisadi ve \u0130dari Bilimler Fak\u00fcltesi Dekanl\u0131\u011f\u0131 (2001-2008) yapm\u0131\u015ft\u0131r.<\/p>\n<p>&nbsp;<\/p>\n<p>2008-2016 y\u0131llar\u0131 aras\u0131nda Beykent \u00dcniversitesinde \u00e7e\u015fitli g\u00f6revlerde bulunmu\u015ftur. 2008-2012 y\u0131llar\u0131nda Senato \u00dcyeli\u011fi, 2008-2016 y\u0131llar\u0131nda \u0130ktisadi ve \u0130dari Bilimler Fak\u00fcltesi Fak\u00fclte Kurulu \u00dcyeli\u011fi, 2008-2011 y\u0131llar\u0131nda Uluslararas\u0131 Ticaret B\u00f6l\u00fcm Ba\u015fkanl\u0131\u011f\u0131 ve 2011-2016 y\u0131llar\u0131nda Bankac\u0131l\u0131k ve Finans B\u00f6l\u00fcm\u00fc Ba\u015fkanl\u0131\u011f\u0131 g\u00f6revlerini y\u00fcr\u00fctm\u00fc\u015ft\u00fcr.<\/p>\n<p>&nbsp;<\/p>\n<p>APAK, Esenyurt \u00dcniversitesi End\u00fcstri M\u00fchendisli\u011fi B\u00f6l\u00fcm\u00fcnde \u00f6\u011fretim \u00fcyesi olup, \u015fu an da \u00fcniversitenin rekt\u00f6rl\u00fc\u011f\u00fcn\u00fc yapmaktad\u0131r.<\/p>\n<p>&nbsp;<\/p>\n<p>APAK, Yeminli Mali M\u00fc\u015favir (YMM) ve Ba\u011f\u0131ms\u0131z Denet\u00e7idir.<\/p>\n<p>&nbsp;<\/p>\n<p>APAK, evli ve bir k\u0131z \u00e7ocuk babas\u0131 olup, \u0130ngilizce, Frans\u0131zca ve Almanca bilmektedir.<\/p>\n","protected":false},"excerpt":{"rendered":"<p>1956 y\u0131l\u0131nda Babaeski&#8217;de do\u011fdu. \u0130lk ve orta \u00f6\u011frenimini burada yapt\u0131ktan sonra Kabata\u015f Lisesini (1973), Bo\u011fazi\u00e7i \u00dcniversitesi End\u00fcstri M\u00fchendisli\u011fi (1979), Concordia \u00dcniversitesi Montreal Ekonomi Y\u00fcksek Lisans\u0131n\u0131 (1983) ve Bo\u011fazi\u00e7i \u00dcniversitesi Ekonomi Doktoras\u0131n\u0131 (1989) tamamlad\u0131. &nbsp; 26.10.1993&#8217;te Uluslararas\u0131 iktisat ve \u0130ktisadi Geli\u015fme dal\u0131nda &#8220;Do\u00e7ent&#8221;, 24.02.1999&#8217;da Trakya \u00dcniversitesi Muhasebe ve Finansman dal\u0131nda &#8220;Profes\u00f6r&#8221; oldu. &nbsp; Sabanc\u0131 Holding&#8217;te \u00e7al\u0131\u015ft\u0131ktan [&hellip;]<\/p>\n","protected":false},"author":1,"featured_media":0,"comment_status":"open","ping_status":"open","sticky":false,"template":"","format":"standard","meta":{"footnotes":""},"categories":[6],"tags":[],"class_list":["post-1","post","type-post","status-publish","format-standard","hentry","category-sudi-apak-kimdir"],"_links":{"self":[{"href":"http:\/\/www.sudiapak.com.tr\/index.php?rest_route=\/wp\/v2\/posts\/1","targetHints":{"allow":["GET"]}}],"collection":[{"href":"http:\/\/www.sudiapak.com.tr\/index.php?rest_route=\/wp\/v2\/posts"}],"about":[{"href":"http:\/\/www.sudiapak.com.tr\/index.php?rest_route=\/wp\/v2\/types\/post"}],"author":[{"embeddable":true,"href":"http:\/\/www.sudiapak.com.tr\/index.php?rest_route=\/wp\/v2\/users\/1"}],"replies":[{"embeddable":true,"href":"http:\/\/www.sudiapak.com.tr\/index.php?rest_route=%2Fwp%2Fv2%2Fcomments&post=1"}],"version-history":[{"count":3,"href":"http:\/\/www.sudiapak.com.tr\/index.php?rest_route=\/wp\/v2\/posts\/1\/revisions"}],"predecessor-version":[{"id":171,"href":"http:\/\/www.sudiapak.com.tr\/index.php?rest_route=\/wp\/v2\/posts\/1\/revisions\/171"}],"wp:attachment":[{"href":"http:\/\/www.sudiapak.com.tr\/index.php?rest_route=%2Fwp%2Fv2%2Fmedia&parent=1"}],"wp:term":[{"taxonomy":"category","embeddable":true,"href":"http:\/\/www.sudiapak.com.tr\/index.php?rest_route=%2Fwp%2Fv2%2Fcategories&post=1"},{"taxonomy":"post_tag","embeddable":true,"href":"http:\/\/www.sudiapak.com.tr\/index.php?rest_route=%2Fwp%2Fv2%2Ftags&post=1"}],"curies":[{"name":"wp","href":"https:\/\/api.w.org\/{rel}","templated":true}]}}